{"provider_url": "https://www.angradosreis.rj.leg.br", "title": "TV C\u00e2mara Angra", "html": "<p>Acompanhe a TV C\u00e2mara ao vivo<a class=\"external-link\" href=\"https://youtu.be/kPi-HiPD-Q0\" target=\"_self\" title=\"Link ao vivo\">,</a> durante a transmiss\u00e3o de nossos eventos ou assista a grava\u00e7\u00e3o de nossas Sess\u00f5es Plen\u00e1rias\u00a0 em <a class=\"external-link\" href=\"https://www.youtube.com/c/TVC%C3%A2maraAngradosReis\" target=\"_self\" title=\"\">nosso canal do Youtube</a> . Confira abaixo os \u00faltimos programas produzidos.</p>\r\n<h3 style=\"text-align: center; \"><strong>Atividade Legislativa</strong></h3>\r\n<table class=\"invisible\">\r\n<tbody>\r\n<tr><th style=\"text-align: left; \"><strong>Sess\u00f5es Ordin\u00e1rias</strong></th></tr>\r\n<tr><th><iframe src=\"https://www.youtube.com/embed/CuUS5RTFzzU?si=T-OFtyopi0dB35xP\" title=\"YouTube video player\" width=\"560\" height=\"315\" allowfullscreen=\"\" frameborder=\"0\" style=\"\"></iframe></th></tr>\r\n<tr><th>Sess\u00f5es Extraordin\u00e1rias</th></tr>\r\n<tr><th>\r\n<p><iframe src=\"https://www.youtube.com/embed/59NtEWQ3qZc?si=ZURjip6GQN-fHICG\" title=\"YouTube video player\" width=\"560\" height=\"315\" allowfullscreen=\"\" frameborder=\"0\" style=\"\"></iframe>\u00a0</p>\r\n</th></tr>\r\n<tr><th>Audi\u00eancias P\u00fablicas</th></tr>\r\n<tr><th>\r\n<p>\u00a0<iframe src=\"https://www.youtube.com/embed/RRJKoFSc9Uk?si=-JdT25ZVLi6NXZn9\" title=\"YouTube video player\" width=\"560\" height=\"315\" allowfullscreen=\"\" frameborder=\"0\" style=\"\"></iframe></p>\r\n</th></tr>\r\n</tbody>\r\n</table>\r\n<table class=\"invisible\">\r\n<tbody>\r\n<tr><th>Palestras e Eventos</th></tr>\r\n<tr>\r\n<td>\r\n<p><iframe src=\"https://www.youtube.com/embed/eJzaatncQH8?si=o14cPOxxjfnX7BSn\" title=\"YouTube video player\" width=\"560\" height=\"315\" allowfullscreen=\"\" frameborder=\"0\" style=\"\"></iframe>\u00a0</p>\r\n</td>\r\n</tr>\r\n<tr>\r\n<td><strong>Sess\u00f5es Solenes</strong></td>\r\n</tr>\r\n<tr>\r\n<td>\r\n<p><strong>\u00a0<iframe src=\"https://www.youtube.com/embed/FVmGojfeSnw?si=g7pIo_23tbQNj-MS\" title=\"YouTube video player\" width=\"560\" height=\"315\" allowfullscreen=\"\" frameborder=\"0\" style=\"\"></iframe></strong></p>\r\n</td>\r\n</tr>\r\n</tbody>\r\n</table>\r\n<table class=\"plain\">\r\n<tbody>\r\n<tr><th>\r\n<h3 style=\"text-align: left; \"><strong>Jornalismo</strong></h3>\r\n</th></tr>\r\n<tr>\r\n<td>\r\n<p>\u00a0<iframe src=\"https://www.youtube.com/embed/QpiNXv0rPJY?si=qco5gasiTrZt_I7j\" title=\"YouTube video player\" width=\"560\" height=\"315\" allowfullscreen=\"\" frameborder=\"0\" style=\"\"></iframe></p>\r\n</td>\r\n</tr>\r\n</tbody>\r\n</table>\r\n<h3 style=\"text-align: center; \"><strong><br /></strong></h3>\r\n<p>\u00a0</p>\r\n<p><strong style=\"text-align: justify; \">Sobre a TV C\u00e2mara</strong></p>\r\n<p style=\"text-align: justify; \">As TVs legislativas s\u00f3 se tornaram poss\u00edveis ap\u00f3s a aprova\u00e7\u00e3o da Lei da Cabodifus\u00e3o - (Lei 8.977/95), de 06 de janeiro de 1995, que obrigou as operadoras de TV a cabo a cederem canais, gratuitamente, para o legislativo municipal/estadual, C\u00e2mara dos Deputados e Senado Federal.</p>\r\n<p style=\"text-align: justify; \">Dez meses ap\u00f3s a san\u00e7\u00e3o da Lei, foi institu\u00edda a TV da Assembleia Legislativa de Minas Gerais. Em 06 de fevereiro de 1996, a TV Senado iniciava suas transmiss\u00f5es e, dois anos depois, em 20 de janeiro de 1998, a TV C\u00e2mara Federal entrava no ar.</p>\r\n<p style=\"text-align: justify; \">Tamb\u00e9m em 1998, o Legislativo Angrense solicitou \u00e0 Net (operadora de TV a Cabo, rec\u00e9m instalada na cidade), com base na Lei 8.977/95, um canal para a TV C\u00e2mara. Com a cess\u00e3o do canal, a C\u00e2mara Municipal de Angra dos Reis se tornou a primeira do Estado do Rio de Janeiro a dispor de um canal de televis\u00e3o pr\u00f3prio \u2013 antes mesmo da Alerj, que s\u00f3 veio a inaugurar sua TV em 2004.</p>\r\n<p style=\"text-align: justify; \">Atualmente a TV C\u00e2mara veicula programas de cunho jornal\u00edstico, Sess\u00f5es Ordin\u00e1rias, transmitidas ao vivo, assim como as reuni\u00f5es das Comiss\u00f5es Legislativas. A TV C\u00e2mara tamb\u00e9m transmite na \u00edntegra as Audi\u00eancias P\u00fablicas, Sess\u00f5es Solenes e os processos licitat\u00f3rios promovidos pelo Legislativo.</p>\r\n<p style=\"text-align: justify; \">Em 2015, para atingir um maior n\u00famero de cidad\u00e3os e mant\u00ea-los informados sobre as atividades Legislativas, foi criado o Canal \u2018TV C\u00e2mara Angra\u2019 no <a class=\"external-link\" href=\"https://www.youtube.com/channel/UCtgQEPQaCNRo5bVF7N0jQ2Q\" target=\"_self\" title=\"TV C\u00e2mara no YouTube\">YouTube</a>. O Legislativo ainda conta com a <a class=\"external-link\" href=\"https://www.facebook.com/camara.deangra/\" target=\"_self\" title=\"\">p\u00e1gina no Facebook</a> \u2018C\u00e2mara Municipal de Angra dos Reis\u2019. O <a title=\"\" href=\"https://www.angradosreis.rj.leg.br/\" class=\"external-link\" target=\"_self\">Site da C\u00e2mara Municipal de Angra dos Reis</a> foi reformulado e agora \u00e9 totalmente adequado \u00e0 Lei de Acesso \u00e0 Informa\u00e7\u00e3o (LAI).</p>\r\n<p style=\"text-align: justify; \">Todas estas iniciativas na \u00e1rea de comunica\u00e7\u00e3o tem um \u00fanico objetivo: aproximar a popula\u00e7\u00e3o de seus representantes no parlamento e, antes de tudo, dar transpar\u00eancia \u00e0s a\u00e7\u00f5es Legislativas.</p>", "author_name": "", "version": "1.0", "author_url": "https://www.angradosreis.rj.leg.br/author/4616", "provider_name": "C\u00e2mara Municipal", "type": "rich"}