{"provider_url": "https://www.angradosreis.rj.leg.br", "title": "FUNDA\u00c7\u00c3O DO LEGISLATIVO", "html": "<p style=\"text-align: justify; \"><span>A expedi\u00e7\u00e3o saiu de Portugal em 1501. Ap\u00f3s 67 dias de viagem, em 06 de janeiro de 1502, dia consagrado aos Reis Magos, chegou \u00e0 ba\u00eda de Angra dos Reis. A nova terra, fundada pelo capit\u00e3o-mor Ant\u00f4nio de Oliveira, foi denominada \u201cVila dos Reis Magos da Ilha Grande\u201d, mas ainda n\u00e3o era reconhecida por Portugal.</span><br /><br /><span>Nos idos de 1553, a nova terra foi rebatizada com o nome de \u201cFreguesia de Nossa Senhora da Concei\u00e7\u00e3o de Angra dos Reis\u201d. Sua sede era na localidade de Vila Velha. A Freguesia, tamb\u00e9m chamada ora Povoado Nossa Senhora da Concei\u00e7\u00e3o, ora Povoado dos Santos Reis Magos, foi reconhecida por Portugal em 1560 e, em 03.09.1593, Carta-R\u00e9gias de D.Felipe I de Portugal e D. Felipe II da Espanha, elevou o Povoado a Par\u00f3quia.</span><br /><br /><span>Em 1608, a Freguesia foi enfim elevada a condi\u00e7\u00e3o de Vila, voltando a ser chamada \u201cVila dos Reis Magos da Ilha Grande\u201d s\u00f3 que, desta vez, oficialmente. Foram criados: C\u00e2mara de Vereadores, Cadeia, Juizado de Direito com Juiz ped\u00e2neo, Cart\u00f3rio de Notas e Tabeli\u00e3o e Mil\u00edcias, entre outros.</span><br /><br /><span>Em 1617, o Padre Colado Luiz dos Santos Figueira, diretor espiritual da popula\u00e7\u00e3o da Vila dos Reis Magos da Ilha Grande, foi assassinado pelo capit\u00e3o Manuel Antunes, um dos paroquianos, em desafogo da honra conjugal. A Vila foi excomungada pela Igreja. N\u00e3o quiseram enviar outro P\u00e1roco e, sete anos depois, os moradores abandonaram a localidade.</span><br /><br /><span>Em 02.10.1624, foi fundada a nova \u201cVila dos Santos Reis Magos da Ilha Grande\u201d, no local onde hoje est\u00e1 instalado o munic\u00edpio de Angra dos Reis.</span><br /><br /><span>A mudan\u00e7a da sede do Burgo s\u00f3 obteve aprova\u00e7\u00e3o oficial em 13.02.1625, quando o Poder Legislativo foi instalado com assist\u00eancia religiosa dada pelos frades do Convento do Carmo e de S\u00e3o Bento. Na \u00e9poca, j\u00e1 estavam inauguradas a Casa da C\u00e2mara e a Cadeia P\u00fablica, apesar do pr\u00e9dio ainda n\u00e3o estar terminado, nas proximidades do bairro da Lapa, onde hoje funciona a C\u00e2mara Municipal de Angra dos Reis. O Senado da C\u00e2mara, como era chamada, conta com passagens curiosas em seus Anais, como estas: \u201cem 1633 foi institu\u00edda uma Lei que obrigava a pol\u00edcia a colocar as pessoas que ficavam \u00e0 volta de uma obra, dando palpites ou fazendo coment\u00e1rios sobre o servi\u00e7o e prejudicando o andamento da mesma, a ajudar na constru\u00e7\u00e3o\u201d; j\u00e1 \u201cem fevereiro de 1657, por ocasi\u00e3o do falecimento do Rei D. Jo\u00e3o V, as cerim\u00f4nias f\u00fanebres foram pagas pela C\u00e2mara\u201d, que tinha por presidente o capit\u00e3o Jer\u00f4nimo de Souza.</span></p>\r\n<table class=\"invisible\">\r\n<tbody>\r\n<tr><th style=\"text-align: center; \"><img src=\"https://www.angradosreis.rj.leg.br/imagens/foto_rua_arcebispo.jpg\" alt=\"\" class=\"image-inline\" title=\"\" /></th></tr>\r\n<tr>\r\n<td style=\"text-align: center; \"><em>Rua da Cadeia, hoje Arcebispo Santos</em></td>\r\n</tr>\r\n<tr>\r\n<td style=\"text-align: center; \"><img src=\"https://www.angradosreis.rj.leg.br/imagens/plenario_reformado.jpg\" title=\"\" height=\"250\" width=\"450\" alt=\"\" class=\"image-inline\" /></td>\r\n</tr>\r\n<tr>\r\n<td style=\"text-align: justify; \"><span>A\u00a0</span><strong>C\u00e2mara Municipal de Angra dos Reis,</strong><span>\u00a0ou\u00a0</span><strong>Senado da C\u00e2mara</strong><span>, como era chamada, conta com passagens curiosas em seus Anais, como estas:\u00a0</span><em>\u201cem 1633 foi institu\u00edda uma Lei que obrigava a pol\u00edcia a colocar as pessoas que ficavam \u00e0 volta de uma obra, dando palpites ou fazendo coment\u00e1rios sobre o servi\u00e7o e prejudicando o andamento da mesma, a ajudar na constru\u00e7\u00e3o\u201d; j\u00e1 \u201cem fevereiro de 1657, por ocasi\u00e3o do falecimento do Rei D. Jo\u00e3o V, as cerim\u00f4nias f\u00fanebres foram pagas pela C\u00e2mara\u201d</em><span><span>, que tinha por presidente o capit\u00e3o Jer\u00f4nimo de Souza.<br /><br /></span></span>\r\n<table align=\"center\">\r\n<tbody>\r\n<tr>\r\n<td align=\"left\">Quer saber mais? Clique no link abaixo para ver:</td>\r\n</tr>\r\n<tr>\r\n<td align=\"left\"><strong>-\u00a0<a title=\"\" href=\"https://www.angradosreis.rj.leg.br/institucional/historia/historia1\" class=\"c internal-link\" target=\"_self\">Resgate da Hist\u00f3ria da C\u00e2mara</a></strong></td>\r\n</tr>\r\n<tr>\r\n<td align=\"left\"><strong>-\u00a0<a title=\"\" href=\"https://www.angradosreis.rj.leg.br/institucional/historia/historia2\" class=\"c internal-link\" target=\"_self\">O Imperador em Angra dos Reis</a></strong></td>\r\n</tr>\r\n<tr>\r\n<td align=\"left\"><strong>- <a title=\"\" href=\"https://www.angradosreis.rj.leg.br/institucional/historia/galeria-de-ex-presidentes\" class=\"internal-link\" target=\"_self\">Galeria de Ex-Presidentes</a></strong></td>\r\n</tr>\r\n</tbody>\r\n</table>\r\n</td>\r\n</tr>\r\n</tbody>\r\n</table>", "author_name": "Interlegis", "version": "1.0", "author_url": "https://www.angradosreis.rj.leg.br/author/Interlegis", "provider_name": "C\u00e2mara Municipal", "type": "rich"}